{"id":5280,"date":"2026-09-04T00:29:02","date_gmt":"2026-09-03T22:29:02","guid":{"rendered":"https:\/\/www.saintalbanauriolles.com\/?p=5280"},"modified":"2026-09-04T00:29:02","modified_gmt":"2026-09-03T22:29:02","slug":"premier-forum-des-associations-rendez-vous-a-la-salle-des-confluences","status":"publish","type":"post","link":"https:\/\/www.saintalbanauriolles.com\/index.php\/2026\/09\/04\/premier-forum-des-associations-rendez-vous-a-la-salle-des-confluences\/","title":{"rendered":"Premier Forum des associations : rendez-vous \u00e0 la salle des Confluences !"},"content":{"rendered":"\n<p>La mairie a le plaisir de vous inviter au <strong>premier Forum des associations du village<\/strong>, qui se tiendra \u00e0 la <strong>salle des Confluences<\/strong>, de <strong>10h \u00e0 17h<\/strong>.<\/p>\n\n\n\n<p>Cette journ\u00e9e sera l\u2019occasion de d\u00e9couvrir la richesse et la diversit\u00e9 du tissu associatif local, de rencontrer les b\u00e9n\u00e9voles et d\u2019\u00e9changer avec les associations du village.<\/p>\n\n\n\n<h3 class=\"wp-block-heading\">Au programme<\/h3>\n\n\n\n<p>Tout au long de la journ\u00e9e, venez d\u00e9couvrir :<\/p>\n\n\n\n<ul class=\"wp-block-list\">\n<li>des <strong>stands d\u2019information<\/strong> pour pr\u00e9senter les diff\u00e9rentes associations et leurs activit\u00e9s ;<\/li>\n\n\n\n<li>des <strong>d\u00e9monstrations<\/strong> ;<\/li>\n\n\n\n<li>des <strong>\u00e9changes avec les b\u00e9n\u00e9voles<\/strong> et les membres des associations.<\/li>\n<\/ul>\n\n\n\n<p>Que vous soyez \u00e0 la recherche d\u2019une nouvelle activit\u00e9, souhaitiez vous investir dans la vie locale ou soyez simplement curieux de d\u00e9couvrir les associations qui font vivre le village, <strong>le Forum des associations est ouvert \u00e0 toutes et \u00e0 tous<\/strong>.<\/p>\n\n\n\n<p>\ud83d\udccd <strong>Salle des Confluences<\/strong><br>\ud83d\udd59 <strong>De 10h \u00e0 17h<\/strong><\/p>\n\n\n\n<figure class=\"wp-block-image size-large\"><img loading=\"lazy\" decoding=\"async\" width=\"722\" height=\"1024\" src=\"https:\/\/www.saintalbanauriolles.com\/wp-content\/uploads\/2026\/09\/Capture-decran-2026-09-04-a-00.28.41-722x1024.png\" alt=\"\" class=\"wp-image-5281\" srcset=\"https:\/\/www.saintalbanauriolles.com\/wp-content\/uploads\/2026\/09\/Capture-decran-2026-09-04-a-00.28.41-722x1024.png 722w, https:\/\/www.saintalbanauriolles.com\/wp-content\/uploads\/2026\/09\/Capture-decran-2026-09-04-a-00.28.41-212x300.png 212w, https:\/\/www.saintalbanauriolles.com\/wp-content\/uploads\/2026\/09\/Capture-decran-2026-09-04-a-00.28.41-768x1089.png 768w, https:\/\/www.saintalbanauriolles.com\/wp-content\/uploads\/2026\/09\/Capture-decran-2026-09-04-a-00.28.41-106x150.png 106w, https:\/\/www.saintalbanauriolles.com\/wp-content\/uploads\/2026\/09\/Capture-decran-2026-09-04-a-00.28.41.png 794w\" sizes=\"auto, (max-width: 722px) 100vw, 722px\" \/><\/figure>\n","protected":false},"excerpt":{"rendered":"<p>La mairie a le plaisir de vous inviter au premier Forum des associations du village, qui se tiendra \u00e0 la salle des Confluences, de 10h \u00e0 17h. Cette journ\u00e9e sera l\u2019occasion de d\u00e9couvrir la richesse et la diversit\u00e9 du tissu associatif local, de rencontrer les b\u00e9n\u00e9voles et d\u2019\u00e9changer avec les&#8230;<\/p>\n<p> <a class=\"continue-reading-link\" href=\"https:\/\/www.saintalbanauriolles.com\/index.php\/2026\/09\/04\/premier-forum-des-associations-rendez-vous-a-la-salle-des-confluences\/\"><span>Plus<\/span><i class=\"crycon-right-dir\"><\/i><\/a> <\/p>\n","protected":false},"author":1,"featured_media":0,"comment_status":"closed","ping_status":"","sticky":false,"template":"","format":"standard","meta":{"footnotes":""},"categories":[1],"tags":[],"class_list":["post-5280","post","type-post","status-publish","format-standard","hentry","category-non-classe"],"_links":{"self":[{"href":"https:\/\/www.saintalbanauriolles.com\/index.php\/wp-json\/wp\/v2\/posts\/5280","targetHints":{"allow":["GET"]}}],"collection":[{"href":"https:\/\/www.saintalbanauriolles.com\/index.php\/wp-json\/wp\/v2\/posts"}],"about":[{"href":"https:\/\/www.saintalbanauriolles.com\/index.php\/wp-json\/wp\/v2\/types\/post"}],"author":[{"embeddable":true,"href":"https:\/\/www.saintalbanauriolles.com\/index.php\/wp-json\/wp\/v2\/users\/1"}],"replies":[{"embeddable":true,"href":"https:\/\/www.saintalbanauriolles.com\/index.php\/wp-json\/wp\/v2\/comments?post=5280"}],"version-history":[{"count":1,"href":"https:\/\/www.saintalbanauriolles.com\/index.php\/wp-json\/wp\/v2\/posts\/5280\/revisions"}],"predecessor-version":[{"id":5282,"href":"https:\/\/www.saintalbanauriolles.com\/index.php\/wp-json\/wp\/v2\/posts\/5280\/revisions\/5282"}],"wp:attachment":[{"href":"https:\/\/www.saintalbanauriolles.com\/index.php\/wp-json\/wp\/v2\/media?parent=5280"}],"wp:term":[{"taxonomy":"category","embeddable":true,"href":"https:\/\/www.saintalbanauriolles.com\/index.php\/wp-json\/wp\/v2\/categories?post=5280"},{"taxonomy":"post_tag","embeddable":true,"href":"https:\/\/www.saintalbanauriolles.com\/index.php\/wp-json\/wp\/v2\/tags?post=5280"}],"curies":[{"name":"wp","href":"https:\/\/api.w.org\/{rel}","templated":true}]}}