{"id":5277,"date":"2026-09-04T00:24:26","date_gmt":"2026-09-03T22:24:26","guid":{"rendered":"https:\/\/www.saintalbanauriolles.com\/?p=5277"},"modified":"2026-09-04T00:24:26","modified_gmt":"2026-09-03T22:24:26","slug":"nouvelle-expo-au-mas-daudet","status":"publish","type":"post","link":"https:\/\/www.saintalbanauriolles.com\/index.php\/2026\/09\/04\/nouvelle-expo-au-mas-daudet\/","title":{"rendered":"Nouvelle expo au Mas Daudet"},"content":{"rendered":"\n<p>L\u2019association <strong>Art en Vo\u00fbte<\/strong> vous invite au vernissage de sa nouvelle exposition, le <strong>dimanche 6 septembre \u00e0 17h<\/strong>, \u00e0 la Galerie Art en Vo\u00fbte, situ\u00e9e dans le parc du Mas Daudet.<\/p>\n\n\n\n<p>Cette nouvelle exposition propose une rencontre entre <strong>art singulier, po\u00e9sie, humour et regard d\u00e9cal\u00e9 sur le quotidien et la nature<\/strong>, \u00e0 travers les \u0153uvres de deux artistes aux univers bien distincts.<\/p>\n\n\n\n<h3 class=\"wp-block-heading\">Deux artistes, deux regards sur le monde<\/h3>\n\n\n\n<p><strong>Estelle Clauss<\/strong> peuple ses toiles et ses dessins d\u2019animaux \u00e9tranges, dr\u00f4les et touchants. Ses cr\u00e9ations puisent leur inspiration dans la nature, ses voyages et les arts du monde, pour composer un univers \u00e0 la fois po\u00e9tique et plein de fantaisie.<\/p>\n\n\n\n<p><strong>Jean-Raymond Meunier<\/strong>, quant \u00e0 lui, donne vie \u00e0 des personnages caricaturaux fa\u00e7onn\u00e9s \u00e0 partir de ferrailles rouill\u00e9es et de c\u00e9ramiques color\u00e9es. Des cr\u00e9ations originales, croqu\u00e9es avec humour et tendresse.<\/p>\n\n\n\n<p>\u00c0 travers leurs \u0153uvres, les deux artistes invitent le public \u00e0 <strong>regarder le monde autrement<\/strong>, avec un m\u00e9lange d\u2019humour, de po\u00e9sie et d\u2019humanit\u00e9.<\/p>\n\n\n\n<h3 class=\"wp-block-heading\">L\u2019exposition<\/h3>\n\n\n\n<p>\ud83d\udcc5 <strong>Du dimanche 6 septembre au vendredi 2 octobre<\/strong><br>\ud83d\udccd <strong>Galerie Art en Vo\u00fbte \u2013 Parc du Mas Daudet<\/strong><\/p>\n\n\n\n<p><strong>Horaires :<\/strong><\/p>\n\n\n\n<ul class=\"wp-block-list\">\n<li>Dimanche, lundi, mercredi et jeudi : <strong>14h30 \u2013 17h30<\/strong><\/li>\n\n\n\n<li>Mardi et vendredi : <strong>10h30 \u2013 17h30 en continu<\/strong>, en pr\u00e9sence d\u2019Estelle Clauss.<\/li>\n\n\n\n<li><\/li>\n<\/ul>\n\n\n\n<figure class=\"wp-block-gallery has-nested-images columns-default is-cropped wp-block-gallery-1 is-layout-flex wp-block-gallery-is-layout-flex\">\n<figure class=\"wp-block-image size-large\"><img loading=\"lazy\" decoding=\"async\" width=\"717\" height=\"1024\" data-id=\"5278\" src=\"https:\/\/www.saintalbanauriolles.com\/wp-content\/uploads\/2026\/09\/Capture-decran-2026-09-04-a-00.21.02-717x1024.png\" alt=\"\" class=\"wp-image-5278\" srcset=\"https:\/\/www.saintalbanauriolles.com\/wp-content\/uploads\/2026\/09\/Capture-decran-2026-09-04-a-00.21.02-717x1024.png 717w, https:\/\/www.saintalbanauriolles.com\/wp-content\/uploads\/2026\/09\/Capture-decran-2026-09-04-a-00.21.02-210x300.png 210w, https:\/\/www.saintalbanauriolles.com\/wp-content\/uploads\/2026\/09\/Capture-decran-2026-09-04-a-00.21.02-768x1096.png 768w, https:\/\/www.saintalbanauriolles.com\/wp-content\/uploads\/2026\/09\/Capture-decran-2026-09-04-a-00.21.02-105x150.png 105w, https:\/\/www.saintalbanauriolles.com\/wp-content\/uploads\/2026\/09\/Capture-decran-2026-09-04-a-00.21.02.png 786w\" sizes=\"auto, (max-width: 717px) 100vw, 717px\" \/><\/figure>\n<\/figure>\n","protected":false},"excerpt":{"rendered":"<p>L\u2019association Art en Vo\u00fbte vous invite au vernissage de sa nouvelle exposition, le dimanche 6 septembre \u00e0 17h, \u00e0 la Galerie Art en Vo\u00fbte, situ\u00e9e dans le parc du Mas Daudet. Cette nouvelle exposition propose une rencontre entre art singulier, po\u00e9sie, humour et regard d\u00e9cal\u00e9 sur le quotidien et la&#8230;<\/p>\n<p> <a class=\"continue-reading-link\" href=\"https:\/\/www.saintalbanauriolles.com\/index.php\/2026\/09\/04\/nouvelle-expo-au-mas-daudet\/\"><span>Plus<\/span><i class=\"crycon-right-dir\"><\/i><\/a> <\/p>\n","protected":false},"author":1,"featured_media":0,"comment_status":"closed","ping_status":"","sticky":false,"template":"","format":"standard","meta":{"footnotes":""},"categories":[1],"tags":[],"class_list":["post-5277","post","type-post","status-publish","format-standard","hentry","category-non-classe"],"_links":{"self":[{"href":"https:\/\/www.saintalbanauriolles.com\/index.php\/wp-json\/wp\/v2\/posts\/5277","targetHints":{"allow":["GET"]}}],"collection":[{"href":"https:\/\/www.saintalbanauriolles.com\/index.php\/wp-json\/wp\/v2\/posts"}],"about":[{"href":"https:\/\/www.saintalbanauriolles.com\/index.php\/wp-json\/wp\/v2\/types\/post"}],"author":[{"embeddable":true,"href":"https:\/\/www.saintalbanauriolles.com\/index.php\/wp-json\/wp\/v2\/users\/1"}],"replies":[{"embeddable":true,"href":"https:\/\/www.saintalbanauriolles.com\/index.php\/wp-json\/wp\/v2\/comments?post=5277"}],"version-history":[{"count":1,"href":"https:\/\/www.saintalbanauriolles.com\/index.php\/wp-json\/wp\/v2\/posts\/5277\/revisions"}],"predecessor-version":[{"id":5279,"href":"https:\/\/www.saintalbanauriolles.com\/index.php\/wp-json\/wp\/v2\/posts\/5277\/revisions\/5279"}],"wp:attachment":[{"href":"https:\/\/www.saintalbanauriolles.com\/index.php\/wp-json\/wp\/v2\/media?parent=5277"}],"wp:term":[{"taxonomy":"category","embeddable":true,"href":"https:\/\/www.saintalbanauriolles.com\/index.php\/wp-json\/wp\/v2\/categories?post=5277"},{"taxonomy":"post_tag","embeddable":true,"href":"https:\/\/www.saintalbanauriolles.com\/index.php\/wp-json\/wp\/v2\/tags?post=5277"}],"curies":[{"name":"wp","href":"https:\/\/api.w.org\/{rel}","templated":true}]}}