{"id":5272,"date":"2026-09-04T00:16:26","date_gmt":"2026-09-03T22:16:26","guid":{"rendered":"https:\/\/www.saintalbanauriolles.com\/?p=5272"},"modified":"2026-09-04T00:16:26","modified_gmt":"2026-09-03T22:16:26","slug":"une-soiree-dastronomie-au-parc-du-mas-daudet","status":"publish","type":"post","link":"https:\/\/www.saintalbanauriolles.com\/index.php\/2026\/09\/04\/une-soiree-dastronomie-au-parc-du-mas-daudet\/","title":{"rendered":"Une soir\u00e9e d\u2019astronomie au parc du Mas Daudet"},"content":{"rendered":"\n<p>La mairie vous propose une soir\u00e9e d\u2019astronomie cont\u00e9e au <strong>parc du Mas Daudet<\/strong>, le vendredi 11 septembre \u00e0 partir de 20h30.<\/p>\n\n\n\n<p>Une soir\u00e9e pour <strong>lever les yeux vers le ciel<\/strong>, d\u00e9couvrir les \u00e9toiles et les constellations, et se laisser conter leurs histoires et leurs l\u00e9gendes.<\/p>\n\n\n\n<h3 class=\"wp-block-heading\">Observer, apprendre et r\u00eaver<\/h3>\n\n\n\n<p>Au programme de cette soir\u00e9e :<\/p>\n\n\n\n<ul class=\"wp-block-list\">\n<li><strong>Lecture du ciel \u00e9toil\u00e9<\/strong> ;<\/li>\n\n\n\n<li>d\u00e9couverte de quelques <strong>notions d\u2019astronomie de base<\/strong> pour apprendre \u00e0 se rep\u00e9rer gr\u00e2ce aux \u00e9toiles ;<\/li>\n\n\n\n<li>observation des <strong>constellations remarquables<\/strong> ;<\/li>\n\n\n\n<li>d\u00e9couverte des <strong>l\u00e9gendes associ\u00e9es aux constellations<\/strong>.<\/li>\n<\/ul>\n\n\n\n<p>Cette animation est <strong>conseill\u00e9e \u00e0 partir de 6 ans<\/strong> et constitue une belle occasion de partager en famille un moment \u00e0 la fois ludique, p\u00e9dagogique et contemplatif.<\/p>\n\n\n\n<p>\ud83d\udcc5 <strong>Vendredi 11 septembre \u00e0 20h30<\/strong><br>\ud83d\udccd <strong>Parc du Mas Daudet \u2013 Saint-Alban-Auriolles<\/strong><\/p>\n\n\n\n<p>En cas de ciel couvert, la soir\u00e9e sera <strong>report\u00e9e au samedi 12 septembre<\/strong>.<\/p>\n\n\n\n<h3 class=\"wp-block-heading\">Places limit\u00e9es \u2013 r\u00e9servation obligatoire<\/h3>\n\n\n\n<p>Les places \u00e9tant limit\u00e9es, la r\u00e9servation est n\u00e9cessaire aupr\u00e8s de <strong>Mme Dominique Berger<\/strong>, par mail ou par t\u00e9l\u00e9phone :<\/p>\n\n\n\n<p>\ud83d\udce7 <a href=\"mailto:d.berger89@yahoo.com\">d.berger89@yahoo.com<\/a><br>\ud83d\udcde 06 52 07 37 94<\/p>\n\n\n\n<p>Lors de la r\u00e9servation, merci de pr\u00e9ciser <strong>votre nom, le nombre de personnes inscrites ainsi que votre num\u00e9ro de mobile<\/strong>, afin de pouvoir \u00eatre pr\u00e9venu en cas d\u2019annulation ou de report.<\/p>\n\n\n\n<p><strong>Une soir\u00e9e sous les \u00e9toiles \u00e0 ne pas manquer !<\/strong><\/p>\n\n\n\n<figure class=\"wp-block-gallery has-nested-images columns-default is-cropped wp-block-gallery-1 is-layout-flex wp-block-gallery-is-layout-flex\">\n<figure class=\"wp-block-image size-large\"><img loading=\"lazy\" decoding=\"async\" width=\"740\" height=\"1024\" data-id=\"5273\" src=\"https:\/\/www.saintalbanauriolles.com\/wp-content\/uploads\/2026\/09\/Capture-decran-2026-09-04-a-00.15.37-740x1024.png\" alt=\"\" class=\"wp-image-5273\" srcset=\"https:\/\/www.saintalbanauriolles.com\/wp-content\/uploads\/2026\/09\/Capture-decran-2026-09-04-a-00.15.37-740x1024.png 740w, https:\/\/www.saintalbanauriolles.com\/wp-content\/uploads\/2026\/09\/Capture-decran-2026-09-04-a-00.15.37-217x300.png 217w, https:\/\/www.saintalbanauriolles.com\/wp-content\/uploads\/2026\/09\/Capture-decran-2026-09-04-a-00.15.37-768x1062.png 768w, https:\/\/www.saintalbanauriolles.com\/wp-content\/uploads\/2026\/09\/Capture-decran-2026-09-04-a-00.15.37-108x150.png 108w, https:\/\/www.saintalbanauriolles.com\/wp-content\/uploads\/2026\/09\/Capture-decran-2026-09-04-a-00.15.37.png 788w\" sizes=\"auto, (max-width: 740px) 100vw, 740px\" \/><\/figure>\n<\/figure>\n","protected":false},"excerpt":{"rendered":"<p>La mairie vous propose une soir\u00e9e d\u2019astronomie cont\u00e9e au parc du Mas Daudet, le vendredi 11 septembre \u00e0 partir de 20h30. Une soir\u00e9e pour lever les yeux vers le ciel, d\u00e9couvrir les \u00e9toiles et les constellations, et se laisser conter leurs histoires et leurs l\u00e9gendes. Observer, apprendre et r\u00eaver Au&#8230;<\/p>\n<p> <a class=\"continue-reading-link\" href=\"https:\/\/www.saintalbanauriolles.com\/index.php\/2026\/09\/04\/une-soiree-dastronomie-au-parc-du-mas-daudet\/\"><span>Plus<\/span><i class=\"crycon-right-dir\"><\/i><\/a> <\/p>\n","protected":false},"author":1,"featured_media":0,"comment_status":"closed","ping_status":"","sticky":false,"template":"","format":"standard","meta":{"footnotes":""},"categories":[1],"tags":[],"class_list":["post-5272","post","type-post","status-publish","format-standard","hentry","category-non-classe"],"_links":{"self":[{"href":"https:\/\/www.saintalbanauriolles.com\/index.php\/wp-json\/wp\/v2\/posts\/5272","targetHints":{"allow":["GET"]}}],"collection":[{"href":"https:\/\/www.saintalbanauriolles.com\/index.php\/wp-json\/wp\/v2\/posts"}],"about":[{"href":"https:\/\/www.saintalbanauriolles.com\/index.php\/wp-json\/wp\/v2\/types\/post"}],"author":[{"embeddable":true,"href":"https:\/\/www.saintalbanauriolles.com\/index.php\/wp-json\/wp\/v2\/users\/1"}],"replies":[{"embeddable":true,"href":"https:\/\/www.saintalbanauriolles.com\/index.php\/wp-json\/wp\/v2\/comments?post=5272"}],"version-history":[{"count":1,"href":"https:\/\/www.saintalbanauriolles.com\/index.php\/wp-json\/wp\/v2\/posts\/5272\/revisions"}],"predecessor-version":[{"id":5274,"href":"https:\/\/www.saintalbanauriolles.com\/index.php\/wp-json\/wp\/v2\/posts\/5272\/revisions\/5274"}],"wp:attachment":[{"href":"https:\/\/www.saintalbanauriolles.com\/index.php\/wp-json\/wp\/v2\/media?parent=5272"}],"wp:term":[{"taxonomy":"category","embeddable":true,"href":"https:\/\/www.saintalbanauriolles.com\/index.php\/wp-json\/wp\/v2\/categories?post=5272"},{"taxonomy":"post_tag","embeddable":true,"href":"https:\/\/www.saintalbanauriolles.com\/index.php\/wp-json\/wp\/v2\/tags?post=5272"}],"curies":[{"name":"wp","href":"https:\/\/api.w.org\/{rel}","templated":true}]}}