{"id":4664,"date":"2025-08-10T16:29:50","date_gmt":"2025-08-10T14:29:50","guid":{"rendered":"https:\/\/www.saintalbanauriolles.com\/?p=4664"},"modified":"2025-08-10T16:36:26","modified_gmt":"2025-08-10T14:36:26","slug":"un-lancement-en-beaute-pour-le-festival-theatre-au-musee","status":"publish","type":"post","link":"https:\/\/www.saintalbanauriolles.com\/index.php\/2025\/08\/10\/un-lancement-en-beaute-pour-le-festival-theatre-au-musee\/","title":{"rendered":"Un lancement en beaut\u00e9 pour le Festival Th\u00e9\u00e2tre au Mus\u00e9e\u00a0"},"content":{"rendered":"\n<p>Quelle soir\u00e9e \u00e0&nbsp;<strong>Saint-Alban-Auriolles&nbsp;<\/strong>! L\u2019inauguration du Festival Th\u00e9\u00e2tre au Mus\u00e9e a \u00e9t\u00e9 un v\u00e9ritable succ\u00e8s, avec la joie d\u2019accueillir \u00e0 nouveau&nbsp;<strong>la Compagnie des Affam\u00e9s<\/strong>, ainsi que d\u2019autres troupes talentueuses, pour ouvrir cette nouvelle \u00e9dition\u2026 et quelle ouverture :&nbsp;<strong>une repr\u00e9sentation jou\u00e9e \u00e0 guichet ferm\u00e9<\/strong>&nbsp;!  Nous avons \u00e9galement eu l\u2019honneur d\u2019\u00e9couter les discours d\u2019ouverture de&nbsp;<strong>M. le Maire, Nicolas Cl\u00e9ment<\/strong>, et&nbsp;<strong>M. le Pr\u00e9sident de la communaut\u00e9 de communes des Gorges de l\u2019Ard\u00e8che, Luc Pichon<\/strong>, ainsi que Gilles Droulez et Fanny Corbasson qui font partie de la Compagnie des Affam\u00e9s.&nbsp;<\/p>\n\n\n\n<p>Un immense merci aux artistes pour leur \u00e9nergie et leur passion, mais aussi \u00e0 vous, spectateurs, qui donnez vie \u00e0 cet \u00e9v\u00e9nement par votre pr\u00e9sence et vos applaudissements.<br>La commune est fi\u00e8re et heureuse d\u2019offrir cet espace de culture, de rencontres et d\u2019\u00e9motions.<\/p>\n\n\n\n<p>Ensemble, faisons vibrer le Mas Daudet au rythme du th\u00e9\u00e2tre ! <\/p>\n\n\n\n<p>Retrouvez la programmation compl\u00e8te et toutes les informations <a href=\"https:\/\/www.cielesaffames.com\/spectacles\/musee\/festivaldaudet.html\">ICI<\/a><\/p>\n\n\n\n<figure class=\"wp-block-table is-style-stripes\"><table class=\"has-fixed-layout\"><tbody><tr><td><img loading=\"lazy\" decoding=\"async\" width=\"350\" height=\"467\" class=\"wp-image-4662\" style=\"width: 350px;\" src=\"https:\/\/www.saintalbanauriolles.com\/wp-content\/uploads\/2025\/08\/IMG_1054-scaled.jpeg\" alt=\"\" srcset=\"https:\/\/www.saintalbanauriolles.com\/wp-content\/uploads\/2025\/08\/IMG_1054-scaled.jpeg 1920w, https:\/\/www.saintalbanauriolles.com\/wp-content\/uploads\/2025\/08\/IMG_1054-225x300.jpeg 225w, https:\/\/www.saintalbanauriolles.com\/wp-content\/uploads\/2025\/08\/IMG_1054-768x1024.jpeg 768w, https:\/\/www.saintalbanauriolles.com\/wp-content\/uploads\/2025\/08\/IMG_1054-1152x1536.jpeg 1152w, https:\/\/www.saintalbanauriolles.com\/wp-content\/uploads\/2025\/08\/IMG_1054-1536x2048.jpeg 1536w, https:\/\/www.saintalbanauriolles.com\/wp-content\/uploads\/2025\/08\/IMG_1054-113x150.jpeg 113w\" sizes=\"auto, (max-width: 350px) 100vw, 350px\" \/><\/td><td><img loading=\"lazy\" decoding=\"async\" width=\"350\" height=\"467\" class=\"wp-image-4661\" style=\"width: 350px;\" src=\"https:\/\/www.saintalbanauriolles.com\/wp-content\/uploads\/2025\/08\/IMG_1056-scaled.jpeg\" alt=\"\" srcset=\"https:\/\/www.saintalbanauriolles.com\/wp-content\/uploads\/2025\/08\/IMG_1056-scaled.jpeg 1920w, https:\/\/www.saintalbanauriolles.com\/wp-content\/uploads\/2025\/08\/IMG_1056-225x300.jpeg 225w, https:\/\/www.saintalbanauriolles.com\/wp-content\/uploads\/2025\/08\/IMG_1056-768x1024.jpeg 768w, https:\/\/www.saintalbanauriolles.com\/wp-content\/uploads\/2025\/08\/IMG_1056-1152x1536.jpeg 1152w, https:\/\/www.saintalbanauriolles.com\/wp-content\/uploads\/2025\/08\/IMG_1056-1536x2048.jpeg 1536w, https:\/\/www.saintalbanauriolles.com\/wp-content\/uploads\/2025\/08\/IMG_1056-113x150.jpeg 113w\" sizes=\"auto, (max-width: 350px) 100vw, 350px\" \/><\/td><\/tr><\/tbody><\/table><\/figure>\n","protected":false},"excerpt":{"rendered":"<p>Quelle soir\u00e9e \u00e0&nbsp;Saint-Alban-Auriolles&nbsp;! L\u2019inauguration du Festival Th\u00e9\u00e2tre au Mus\u00e9e a \u00e9t\u00e9 un v\u00e9ritable succ\u00e8s, avec la joie d\u2019accueillir \u00e0 nouveau&nbsp;la Compagnie des Affam\u00e9s, ainsi que d\u2019autres troupes talentueuses, pour ouvrir cette nouvelle \u00e9dition\u2026 et quelle ouverture :&nbsp;une repr\u00e9sentation jou\u00e9e \u00e0 guichet ferm\u00e9&nbsp;! Nous avons \u00e9galement eu l\u2019honneur d\u2019\u00e9couter les discours&#8230;<\/p>\n<p> <a class=\"continue-reading-link\" href=\"https:\/\/www.saintalbanauriolles.com\/index.php\/2025\/08\/10\/un-lancement-en-beaute-pour-le-festival-theatre-au-musee\/\"><span>Plus<\/span><i class=\"crycon-right-dir\"><\/i><\/a> <\/p>\n","protected":false},"author":1,"featured_media":0,"comment_status":"closed","ping_status":"","sticky":false,"template":"","format":"standard","meta":{"footnotes":""},"categories":[1],"tags":[],"class_list":["post-4664","post","type-post","status-publish","format-standard","hentry","category-non-classe"],"_links":{"self":[{"href":"https:\/\/www.saintalbanauriolles.com\/index.php\/wp-json\/wp\/v2\/posts\/4664","targetHints":{"allow":["GET"]}}],"collection":[{"href":"https:\/\/www.saintalbanauriolles.com\/index.php\/wp-json\/wp\/v2\/posts"}],"about":[{"href":"https:\/\/www.saintalbanauriolles.com\/index.php\/wp-json\/wp\/v2\/types\/post"}],"author":[{"embeddable":true,"href":"https:\/\/www.saintalbanauriolles.com\/index.php\/wp-json\/wp\/v2\/users\/1"}],"replies":[{"embeddable":true,"href":"https:\/\/www.saintalbanauriolles.com\/index.php\/wp-json\/wp\/v2\/comments?post=4664"}],"version-history":[{"count":4,"href":"https:\/\/www.saintalbanauriolles.com\/index.php\/wp-json\/wp\/v2\/posts\/4664\/revisions"}],"predecessor-version":[{"id":4670,"href":"https:\/\/www.saintalbanauriolles.com\/index.php\/wp-json\/wp\/v2\/posts\/4664\/revisions\/4670"}],"wp:attachment":[{"href":"https:\/\/www.saintalbanauriolles.com\/index.php\/wp-json\/wp\/v2\/media?parent=4664"}],"wp:term":[{"taxonomy":"category","embeddable":true,"href":"https:\/\/www.saintalbanauriolles.com\/index.php\/wp-json\/wp\/v2\/categories?post=4664"},{"taxonomy":"post_tag","embeddable":true,"href":"https:\/\/www.saintalbanauriolles.com\/index.php\/wp-json\/wp\/v2\/tags?post=4664"}],"curies":[{"name":"wp","href":"https:\/\/api.w.org\/{rel}","templated":true}]}}