{"id":4618,"date":"2025-06-20T18:07:59","date_gmt":"2025-06-20T16:07:59","guid":{"rendered":"https:\/\/www.saintalbanauriolles.com\/?p=4618"},"modified":"2025-06-20T18:07:59","modified_gmt":"2025-06-20T16:07:59","slug":"exposition-dans-le-parc-du-musee-daudet-jusquau-3-juillet-2025","status":"publish","type":"post","link":"https:\/\/www.saintalbanauriolles.com\/index.php\/2025\/06\/20\/exposition-dans-le-parc-du-musee-daudet-jusquau-3-juillet-2025\/","title":{"rendered":"Exposition dans le parc du mus\u00e9e Daudet jusqu&rsquo;au 3 juillet 2025"},"content":{"rendered":"\n<p>La galerie Art en Vo\u00fbte vous propose de d\u00e9couvrir 3 nouvelles artistes et leurs univers, dans le parc du mus\u00e9e Daudet.<br><br>Les \u0153uvres sont visibles jusqu&rsquo;au 3 juillet. L&rsquo;entr\u00e9e en libre, du dimanche au vendredi de 14h30 \u00e0 17h30.<\/p>\n\n\n\n<figure class=\"wp-block-image size-large\"><img loading=\"lazy\" decoding=\"async\" width=\"724\" height=\"1024\" src=\"https:\/\/www.saintalbanauriolles.com\/wp-content\/uploads\/2025\/06\/Sans-titre-724x1024.png\" alt=\"\" class=\"wp-image-4619\" srcset=\"https:\/\/www.saintalbanauriolles.com\/wp-content\/uploads\/2025\/06\/Sans-titre-724x1024.png 724w, https:\/\/www.saintalbanauriolles.com\/wp-content\/uploads\/2025\/06\/Sans-titre-212x300.png 212w, https:\/\/www.saintalbanauriolles.com\/wp-content\/uploads\/2025\/06\/Sans-titre-768x1086.png 768w, https:\/\/www.saintalbanauriolles.com\/wp-content\/uploads\/2025\/06\/Sans-titre-106x150.png 106w, https:\/\/www.saintalbanauriolles.com\/wp-content\/uploads\/2025\/06\/Sans-titre.png 794w\" sizes=\"auto, (max-width: 724px) 100vw, 724px\" \/><\/figure>\n","protected":false},"excerpt":{"rendered":"<p>La galerie Art en Vo\u00fbte vous propose de d\u00e9couvrir 3 nouvelles artistes et leurs univers, dans le parc du mus\u00e9e Daudet. Les \u0153uvres sont visibles jusqu&rsquo;au 3 juillet. L&rsquo;entr\u00e9e en libre, du dimanche au vendredi de 14h30 \u00e0 17h30.<\/p>\n<p> <a class=\"continue-reading-link\" href=\"https:\/\/www.saintalbanauriolles.com\/index.php\/2025\/06\/20\/exposition-dans-le-parc-du-musee-daudet-jusquau-3-juillet-2025\/\"><span>Plus<\/span><i class=\"crycon-right-dir\"><\/i><\/a> <\/p>\n","protected":false},"author":1,"featured_media":0,"comment_status":"closed","ping_status":"","sticky":false,"template":"","format":"standard","meta":{"footnotes":""},"categories":[1],"tags":[],"class_list":["post-4618","post","type-post","status-publish","format-standard","hentry","category-non-classe"],"_links":{"self":[{"href":"https:\/\/www.saintalbanauriolles.com\/index.php\/wp-json\/wp\/v2\/posts\/4618","targetHints":{"allow":["GET"]}}],"collection":[{"href":"https:\/\/www.saintalbanauriolles.com\/index.php\/wp-json\/wp\/v2\/posts"}],"about":[{"href":"https:\/\/www.saintalbanauriolles.com\/index.php\/wp-json\/wp\/v2\/types\/post"}],"author":[{"embeddable":true,"href":"https:\/\/www.saintalbanauriolles.com\/index.php\/wp-json\/wp\/v2\/users\/1"}],"replies":[{"embeddable":true,"href":"https:\/\/www.saintalbanauriolles.com\/index.php\/wp-json\/wp\/v2\/comments?post=4618"}],"version-history":[{"count":1,"href":"https:\/\/www.saintalbanauriolles.com\/index.php\/wp-json\/wp\/v2\/posts\/4618\/revisions"}],"predecessor-version":[{"id":4620,"href":"https:\/\/www.saintalbanauriolles.com\/index.php\/wp-json\/wp\/v2\/posts\/4618\/revisions\/4620"}],"wp:attachment":[{"href":"https:\/\/www.saintalbanauriolles.com\/index.php\/wp-json\/wp\/v2\/media?parent=4618"}],"wp:term":[{"taxonomy":"category","embeddable":true,"href":"https:\/\/www.saintalbanauriolles.com\/index.php\/wp-json\/wp\/v2\/categories?post=4618"},{"taxonomy":"post_tag","embeddable":true,"href":"https:\/\/www.saintalbanauriolles.com\/index.php\/wp-json\/wp\/v2\/tags?post=4618"}],"curies":[{"name":"wp","href":"https:\/\/api.w.org\/{rel}","templated":true}]}}