{"id":4588,"date":"2025-05-20T20:31:12","date_gmt":"2025-05-20T18:31:12","guid":{"rendered":"https:\/\/www.saintalbanauriolles.com\/?p=4588"},"modified":"2025-05-20T20:31:12","modified_gmt":"2025-05-20T18:31:12","slug":"mise-a-disposition-de-velos-a-assistance-electrique-par-la-com-com-des-gorges-de-lardeche","status":"publish","type":"post","link":"https:\/\/www.saintalbanauriolles.com\/index.php\/2025\/05\/20\/mise-a-disposition-de-velos-a-assistance-electrique-par-la-com-com-des-gorges-de-lardeche\/","title":{"rendered":"Mise \u00e0 disposition de v\u00e9los \u00e0 assistance \u00e9lectrique par la Com-Com des gorges de l&rsquo;Ard\u00e8che"},"content":{"rendered":"\n<p>Besoin d&rsquo;un moyen de locomotion pour vos d\u00e9placements du quotidien ?<\/p>\n\n\n\n<p>La communaut\u00e9 de communes des Gorges de l&rsquo;Ard\u00e8che met \u00e0 disposition des habitants sa flotte de 15 v\u00e9los \u00e0 assistance \u00e9lectrique, pour une location de 6 mois (renouvelable 1 fois). <\/p>\n\n\n\n<p>Nouveaut\u00e9, les v\u00e9los sont accessibles d\u00e8s l&rsquo;\u00e2ge de 16 ans et des crit\u00e8res de priorit\u00e9 sont accord\u00e9s selon la situation sociale et les possibilit\u00e9s de d\u00e9placement du demandeur.<\/p>\n\n\n\n<p>Retrouvez toutes les informations <a href=\"https:\/\/www.cc-gorgesardeche.fr\/actualites\/louez-un-velo-assistance-electrique\" target=\"_blank\" rel=\"noreferrer noopener\">ICI<\/a> .<\/p>\n","protected":false},"excerpt":{"rendered":"<p>Besoin d&rsquo;un moyen de locomotion pour vos d\u00e9placements du quotidien ? La communaut\u00e9 de communes des Gorges de l&rsquo;Ard\u00e8che met \u00e0 disposition des habitants sa flotte de 15 v\u00e9los \u00e0 assistance \u00e9lectrique, pour une location de 6 mois (renouvelable 1 fois). Nouveaut\u00e9, les v\u00e9los sont accessibles d\u00e8s l&rsquo;\u00e2ge de 16&#8230;<\/p>\n<p> <a class=\"continue-reading-link\" href=\"https:\/\/www.saintalbanauriolles.com\/index.php\/2025\/05\/20\/mise-a-disposition-de-velos-a-assistance-electrique-par-la-com-com-des-gorges-de-lardeche\/\"><span>Plus<\/span><i class=\"crycon-right-dir\"><\/i><\/a> <\/p>\n","protected":false},"author":1,"featured_media":0,"comment_status":"closed","ping_status":"","sticky":false,"template":"","format":"standard","meta":{"footnotes":""},"categories":[1],"tags":[],"class_list":["post-4588","post","type-post","status-publish","format-standard","hentry","category-non-classe"],"_links":{"self":[{"href":"https:\/\/www.saintalbanauriolles.com\/index.php\/wp-json\/wp\/v2\/posts\/4588","targetHints":{"allow":["GET"]}}],"collection":[{"href":"https:\/\/www.saintalbanauriolles.com\/index.php\/wp-json\/wp\/v2\/posts"}],"about":[{"href":"https:\/\/www.saintalbanauriolles.com\/index.php\/wp-json\/wp\/v2\/types\/post"}],"author":[{"embeddable":true,"href":"https:\/\/www.saintalbanauriolles.com\/index.php\/wp-json\/wp\/v2\/users\/1"}],"replies":[{"embeddable":true,"href":"https:\/\/www.saintalbanauriolles.com\/index.php\/wp-json\/wp\/v2\/comments?post=4588"}],"version-history":[{"count":1,"href":"https:\/\/www.saintalbanauriolles.com\/index.php\/wp-json\/wp\/v2\/posts\/4588\/revisions"}],"predecessor-version":[{"id":4589,"href":"https:\/\/www.saintalbanauriolles.com\/index.php\/wp-json\/wp\/v2\/posts\/4588\/revisions\/4589"}],"wp:attachment":[{"href":"https:\/\/www.saintalbanauriolles.com\/index.php\/wp-json\/wp\/v2\/media?parent=4588"}],"wp:term":[{"taxonomy":"category","embeddable":true,"href":"https:\/\/www.saintalbanauriolles.com\/index.php\/wp-json\/wp\/v2\/categories?post=4588"},{"taxonomy":"post_tag","embeddable":true,"href":"https:\/\/www.saintalbanauriolles.com\/index.php\/wp-json\/wp\/v2\/tags?post=4588"}],"curies":[{"name":"wp","href":"https:\/\/api.w.org\/{rel}","templated":true}]}}