{"id":4574,"date":"2025-04-30T08:51:38","date_gmt":"2025-04-30T06:51:38","guid":{"rendered":"https:\/\/www.saintalbanauriolles.com\/?p=4574"},"modified":"2025-04-30T08:51:38","modified_gmt":"2025-04-30T06:51:38","slug":"choisissons-ensemble-le-nom-de-notre-salle-communale","status":"publish","type":"post","link":"https:\/\/www.saintalbanauriolles.com\/index.php\/2025\/04\/30\/choisissons-ensemble-le-nom-de-notre-salle-communale\/","title":{"rendered":"Choisissons ensemble le nom de notre salle communale !\u00a0"},"content":{"rendered":"\n<p>La commune souhaite donner un nom \u00e0 la salle des f\u00eates, lieu de rassemblement, de f\u00eate et de partage.<br>Et pour cela, votre avis compte !<br>&nbsp;Proposez un nom court et facile \u00e0 retenir :<br>\ud83d\udc49 soit un nom et pr\u00e9nom (d\u2019une personnalit\u00e9, locale ou nationale, que vous souhaitez mettre \u00e0 l\u2019honneur)<br>\ud83d\udc49 soit un mot unique (symbolique, po\u00e9tique, en lien avec notre village, notre histoire ou notre environnement)<\/p>\n\n\n\n<p>Ce lieu est le v\u00f4tre : donnons-lui ensemble une identit\u00e9 !&nbsp;&nbsp;&nbsp;<br>\ud83d\udcc5 D\u00e9posez vos propositions <strong><u>avant le samedi 17 mai 2025<\/u><\/strong> en mairie ou par mail \u00e0 : <a href=\"mailto:accueilmairie@saintalbanauriolles.com\">accueilmairie@saintalbanauriolles.com<\/a><br><br>Une s\u00e9lection de 3 propositions sera faite par les \u00e9lus. Les habitants pourront ensuite voter en ligne ou en mairie, pendant quelques jours.<br>Le nom ayant re\u00e7u le plus de votes sera retenu.<br>A vos id\u00e9es!<\/p>\n","protected":false},"excerpt":{"rendered":"<p>La commune souhaite donner un nom \u00e0 la salle des f\u00eates, lieu de rassemblement, de f\u00eate et de partage.Et pour cela, votre avis compte !&nbsp;Proposez un nom court et facile \u00e0 retenir :\ud83d\udc49 soit un nom et pr\u00e9nom (d\u2019une personnalit\u00e9, locale ou nationale, que vous souhaitez mettre \u00e0 l\u2019honneur)\ud83d\udc49 soit&#8230;<\/p>\n<p> <a class=\"continue-reading-link\" href=\"https:\/\/www.saintalbanauriolles.com\/index.php\/2025\/04\/30\/choisissons-ensemble-le-nom-de-notre-salle-communale\/\"><span>Plus<\/span><i class=\"crycon-right-dir\"><\/i><\/a> <\/p>\n","protected":false},"author":1,"featured_media":0,"comment_status":"closed","ping_status":"","sticky":false,"template":"","format":"standard","meta":{"footnotes":""},"categories":[1],"tags":[],"class_list":["post-4574","post","type-post","status-publish","format-standard","hentry","category-non-classe"],"_links":{"self":[{"href":"https:\/\/www.saintalbanauriolles.com\/index.php\/wp-json\/wp\/v2\/posts\/4574","targetHints":{"allow":["GET"]}}],"collection":[{"href":"https:\/\/www.saintalbanauriolles.com\/index.php\/wp-json\/wp\/v2\/posts"}],"about":[{"href":"https:\/\/www.saintalbanauriolles.com\/index.php\/wp-json\/wp\/v2\/types\/post"}],"author":[{"embeddable":true,"href":"https:\/\/www.saintalbanauriolles.com\/index.php\/wp-json\/wp\/v2\/users\/1"}],"replies":[{"embeddable":true,"href":"https:\/\/www.saintalbanauriolles.com\/index.php\/wp-json\/wp\/v2\/comments?post=4574"}],"version-history":[{"count":1,"href":"https:\/\/www.saintalbanauriolles.com\/index.php\/wp-json\/wp\/v2\/posts\/4574\/revisions"}],"predecessor-version":[{"id":4575,"href":"https:\/\/www.saintalbanauriolles.com\/index.php\/wp-json\/wp\/v2\/posts\/4574\/revisions\/4575"}],"wp:attachment":[{"href":"https:\/\/www.saintalbanauriolles.com\/index.php\/wp-json\/wp\/v2\/media?parent=4574"}],"wp:term":[{"taxonomy":"category","embeddable":true,"href":"https:\/\/www.saintalbanauriolles.com\/index.php\/wp-json\/wp\/v2\/categories?post=4574"},{"taxonomy":"post_tag","embeddable":true,"href":"https:\/\/www.saintalbanauriolles.com\/index.php\/wp-json\/wp\/v2\/tags?post=4574"}],"curies":[{"name":"wp","href":"https:\/\/api.w.org\/{rel}","templated":true}]}}