{"id":4572,"date":"2025-04-29T12:09:16","date_gmt":"2025-04-29T10:09:16","guid":{"rendered":"https:\/\/www.saintalbanauriolles.com\/?p=4572"},"modified":"2025-04-29T12:09:16","modified_gmt":"2025-04-29T10:09:16","slug":"80eme-anniversaire-de-la-liberation-programme-du-8-mai-2025-place-de-la-mairie","status":"publish","type":"post","link":"https:\/\/www.saintalbanauriolles.com\/index.php\/2025\/04\/29\/80eme-anniversaire-de-la-liberation-programme-du-8-mai-2025-place-de-la-mairie\/","title":{"rendered":"80\u00e8me anniversaire de la Lib\u00e9ration- Programme du 8 mai 2025, place de la mairie"},"content":{"rendered":"\n<p>Le parcours d&rsquo;\u00e9ducation artistique et culturelle \u00ab\u00a0Les Chemins de la Lib\u00e9ration\u00a0\u00bb port\u00e9 par la Communaut\u00e9 de Communes des Gorges de l&rsquo;Ard\u00e8che dans le cadre du 80\u00e8me anniversaire de la Lib\u00e9ration touche \u00e0 sa fin.<br>Depuis novembre dernier le territoire s&rsquo;est anim\u00e9 de rendez-vous, de projections, de rencontres, de spectacles, de visites et d&rsquo;expositions pour que nous partagions et n&rsquo;oublions pas notre histoire. Un parcours riche et sensible qui a permis aux plus jeunes de d\u00e9couvrir cette p\u00e9riode et aux plus anciens de partager des souvenirs et des r\u00e9cits familiaux.<br><br>Pour f\u00eater la Lib\u00e9ration et partager ensemble un message d&rsquo;espoir nous<br>vous convions :<br>\u00a0\u00a0\u00a0\u00a0\u00a0\u00a0\u00a0\u00a0\u00a0\u00a0\u00a0\u00a0\u00a0\u00a0\u00a0\u00a0<strong> Au Temps de comm\u00e9moration festif<br>\u00a0\u00a0\u00a0\u00a0\u00a0\u00a0\u00a0\u00a0\u00a0\u00a0\u00a0\u00a0\u00a0\u00a0\u00a0\u00a0\u00a0\u00a0\u00a0\u00a0\u00a0\u00a0\u00a0\u00a0\u00a0\u00a0\u00a0 Gratuit et ouvert \u00e0 tous<br>\u00a0\u00a0\u00a0\u00a0\u00a0\u00a0\u00a0\u00a0\u00a0\u00a0\u00a0\u00a0\u00a0\u00a0\u00a0\u00a0\u00a0\u00a0\u00a0\u00a0\u00a0\u00a0\u00a0\u00a0\u00a0\u00a0\u00a0\u00a0\u00a0 Jeudi 08 mai 2025<br>\u00a0\u00a0\u00a0\u00a0\u00a0\u00a0\u00a0\u00a0\u00a0\u00a0\u00a0\u00a0\u00a0\u00a0\u00a0\u00a0\u00a0\u00a0\u00a0\u00a0\u00a0\u00a0\u00a0\u00a0\u00a0\u00a0 \u00e0 Saint-Alban-Auriolles<br><\/strong><br>15h-17h \/ Exposition \u00ab\u00a0Malou, femme dans la R\u00e9sistance\u00a0\u00bb \u00e0 la biblioth\u00e8que<br>17h \/ C\u00e9r\u00e9monie du 8 mai \/ Monument aux Morts\u00a0 Place de la Mairie<br>17h30 \/ Lectures et Chants par les enfants de l&rsquo;\u00e9cole \/ Exposition de photos, objets d&rsquo;\u00e9poque &#8211; Place de la Mairie<br>18h \/ Chorale \u00ab\u00a0Vol de Note\u00a0\u00bb<br>18h15 \/ GRAND BAL DE LA LIB\u00c9RATION AVEC L&rsquo;ORCHESTRE \u00ab\u00a0LES TONTONS DIXIE\u00a0\u00bb- Swing, claquettes<br><br>Animations gratuites et ouvertes \u00e0 tous, buvette et petite restauration sur place.<br>On vous attend nombreux!<\/p>\n\n\n\n<p>Service CULTURE, SPORT et PATRIMOINE \/ CDC des Gorges de l&rsquo;Ard\u00e8che.<\/p>\n\n\n\n<figure class=\"wp-block-image size-large is-resized\"><img loading=\"lazy\" decoding=\"async\" src=\"https:\/\/www.saintalbanauriolles.com\/wp-content\/uploads\/2025\/04\/Affiche-4_A3_EAC_liberation_web-1-724x1024.jpg\" alt=\"\" class=\"wp-image-4494\" width=\"567\" height=\"802\" srcset=\"https:\/\/www.saintalbanauriolles.com\/wp-content\/uploads\/2025\/04\/Affiche-4_A3_EAC_liberation_web-1-724x1024.jpg 724w, https:\/\/www.saintalbanauriolles.com\/wp-content\/uploads\/2025\/04\/Affiche-4_A3_EAC_liberation_web-1-212x300.jpg 212w, https:\/\/www.saintalbanauriolles.com\/wp-content\/uploads\/2025\/04\/Affiche-4_A3_EAC_liberation_web-1-768x1086.jpg 768w, https:\/\/www.saintalbanauriolles.com\/wp-content\/uploads\/2025\/04\/Affiche-4_A3_EAC_liberation_web-1-106x150.jpg 106w, https:\/\/www.saintalbanauriolles.com\/wp-content\/uploads\/2025\/04\/Affiche-4_A3_EAC_liberation_web-1.jpg 1024w\" sizes=\"auto, (max-width: 567px) 100vw, 567px\" \/><\/figure>\n\n\n\n<p><\/p>\n","protected":false},"excerpt":{"rendered":"<p>Le parcours d&rsquo;\u00e9ducation artistique et culturelle \u00ab\u00a0Les Chemins de la Lib\u00e9ration\u00a0\u00bb port\u00e9 par la Communaut\u00e9 de Communes des Gorges de l&rsquo;Ard\u00e8che dans le cadre du 80\u00e8me anniversaire de la Lib\u00e9ration touche \u00e0 sa fin.Depuis novembre dernier le territoire s&rsquo;est anim\u00e9 de rendez-vous, de projections, de rencontres, de spectacles, de visites&#8230;<\/p>\n<p> <a class=\"continue-reading-link\" href=\"https:\/\/www.saintalbanauriolles.com\/index.php\/2025\/04\/29\/80eme-anniversaire-de-la-liberation-programme-du-8-mai-2025-place-de-la-mairie\/\"><span>Plus<\/span><i class=\"crycon-right-dir\"><\/i><\/a> <\/p>\n","protected":false},"author":1,"featured_media":0,"comment_status":"closed","ping_status":"","sticky":false,"template":"","format":"standard","meta":{"footnotes":""},"categories":[1],"tags":[],"class_list":["post-4572","post","type-post","status-publish","format-standard","hentry","category-non-classe"],"_links":{"self":[{"href":"https:\/\/www.saintalbanauriolles.com\/index.php\/wp-json\/wp\/v2\/posts\/4572","targetHints":{"allow":["GET"]}}],"collection":[{"href":"https:\/\/www.saintalbanauriolles.com\/index.php\/wp-json\/wp\/v2\/posts"}],"about":[{"href":"https:\/\/www.saintalbanauriolles.com\/index.php\/wp-json\/wp\/v2\/types\/post"}],"author":[{"embeddable":true,"href":"https:\/\/www.saintalbanauriolles.com\/index.php\/wp-json\/wp\/v2\/users\/1"}],"replies":[{"embeddable":true,"href":"https:\/\/www.saintalbanauriolles.com\/index.php\/wp-json\/wp\/v2\/comments?post=4572"}],"version-history":[{"count":1,"href":"https:\/\/www.saintalbanauriolles.com\/index.php\/wp-json\/wp\/v2\/posts\/4572\/revisions"}],"predecessor-version":[{"id":4573,"href":"https:\/\/www.saintalbanauriolles.com\/index.php\/wp-json\/wp\/v2\/posts\/4572\/revisions\/4573"}],"wp:attachment":[{"href":"https:\/\/www.saintalbanauriolles.com\/index.php\/wp-json\/wp\/v2\/media?parent=4572"}],"wp:term":[{"taxonomy":"category","embeddable":true,"href":"https:\/\/www.saintalbanauriolles.com\/index.php\/wp-json\/wp\/v2\/categories?post=4572"},{"taxonomy":"post_tag","embeddable":true,"href":"https:\/\/www.saintalbanauriolles.com\/index.php\/wp-json\/wp\/v2\/tags?post=4572"}],"curies":[{"name":"wp","href":"https:\/\/api.w.org\/{rel}","templated":true}]}}