{"id":4570,"date":"2025-04-23T09:36:23","date_gmt":"2025-04-23T07:36:23","guid":{"rendered":"https:\/\/www.saintalbanauriolles.com\/?p=4570"},"modified":"2025-04-23T09:36:23","modified_gmt":"2025-04-23T07:36:23","slug":"vide-dressing-le-samedi-3-mai-de-9h-a-17h-a-la-salle-intergenerationnelle","status":"publish","type":"post","link":"https:\/\/www.saintalbanauriolles.com\/index.php\/2025\/04\/23\/vide-dressing-le-samedi-3-mai-de-9h-a-17h-a-la-salle-intergenerationnelle\/","title":{"rendered":"Vide-dressing le samedi 3 mai, de 9h \u00e0 17h, \u00e0 la salle interg\u00e9n\u00e9rationnelle"},"content":{"rendered":"\n<p>L&rsquo;association MYMI-CROCHET organise un vide-dressing, <strong>samedi 3 mai, de 9h \u00e0 17h<\/strong>, dans la salle interg\u00e9n\u00e9rationnelle. Si vous souhaitez plus d&rsquo;informations, vous pouvez contacter les organisateurs au:<\/p>\n\n\n\n<p>06 85 70 00 11 \/ 06 60 35 81 39 ou par mail: <a href=\"mailto:colin.myriam@hotmail.com\">colin.myriam@hotmail.com<\/a><\/p>\n","protected":false},"excerpt":{"rendered":"<p>L&rsquo;association MYMI-CROCHET organise un vide-dressing, samedi 3 mai, de 9h \u00e0 17h, dans la salle interg\u00e9n\u00e9rationnelle. Si vous souhaitez plus d&rsquo;informations, vous pouvez contacter les organisateurs au: 06 85 70 00 11 \/ 06 60 35 81 39 ou par mail: colin.myriam@hotmail.com<\/p>\n<p> <a class=\"continue-reading-link\" href=\"https:\/\/www.saintalbanauriolles.com\/index.php\/2025\/04\/23\/vide-dressing-le-samedi-3-mai-de-9h-a-17h-a-la-salle-intergenerationnelle\/\"><span>Plus<\/span><i class=\"crycon-right-dir\"><\/i><\/a> <\/p>\n","protected":false},"author":1,"featured_media":0,"comment_status":"closed","ping_status":"","sticky":false,"template":"","format":"standard","meta":{"footnotes":""},"categories":[1],"tags":[],"class_list":["post-4570","post","type-post","status-publish","format-standard","hentry","category-non-classe"],"_links":{"self":[{"href":"https:\/\/www.saintalbanauriolles.com\/index.php\/wp-json\/wp\/v2\/posts\/4570","targetHints":{"allow":["GET"]}}],"collection":[{"href":"https:\/\/www.saintalbanauriolles.com\/index.php\/wp-json\/wp\/v2\/posts"}],"about":[{"href":"https:\/\/www.saintalbanauriolles.com\/index.php\/wp-json\/wp\/v2\/types\/post"}],"author":[{"embeddable":true,"href":"https:\/\/www.saintalbanauriolles.com\/index.php\/wp-json\/wp\/v2\/users\/1"}],"replies":[{"embeddable":true,"href":"https:\/\/www.saintalbanauriolles.com\/index.php\/wp-json\/wp\/v2\/comments?post=4570"}],"version-history":[{"count":1,"href":"https:\/\/www.saintalbanauriolles.com\/index.php\/wp-json\/wp\/v2\/posts\/4570\/revisions"}],"predecessor-version":[{"id":4571,"href":"https:\/\/www.saintalbanauriolles.com\/index.php\/wp-json\/wp\/v2\/posts\/4570\/revisions\/4571"}],"wp:attachment":[{"href":"https:\/\/www.saintalbanauriolles.com\/index.php\/wp-json\/wp\/v2\/media?parent=4570"}],"wp:term":[{"taxonomy":"category","embeddable":true,"href":"https:\/\/www.saintalbanauriolles.com\/index.php\/wp-json\/wp\/v2\/categories?post=4570"},{"taxonomy":"post_tag","embeddable":true,"href":"https:\/\/www.saintalbanauriolles.com\/index.php\/wp-json\/wp\/v2\/tags?post=4570"}],"curies":[{"name":"wp","href":"https:\/\/api.w.org\/{rel}","templated":true}]}}