{"id":4307,"date":"2025-01-07T12:14:36","date_gmt":"2025-01-07T11:14:36","guid":{"rendered":"https:\/\/www.saintalbanauriolles.com\/?p=4307"},"modified":"2025-01-07T12:14:36","modified_gmt":"2025-01-07T11:14:36","slug":"projection-du-film-documentaire-vol-noir-aout-44-en-terre-dardeche-jeudi-9-janvier-2025-a-20h30-a-la-salle-intergenerationnelle","status":"publish","type":"post","link":"https:\/\/www.saintalbanauriolles.com\/index.php\/2025\/01\/07\/projection-du-film-documentaire-vol-noir-aout-44-en-terre-dardeche-jeudi-9-janvier-2025-a-20h30-a-la-salle-intergenerationnelle\/","title":{"rendered":"Projection du film documentaire \u00ab\u00a0VOL NOIR, ao\u00fbt 44 en terre d&rsquo;Ard\u00e8che\u00a0\u00bb JEUDI 9  JANVIER 2025 \u00e0 20h30 \u00e0 la salle interg\u00e9n\u00e9rationnelle"},"content":{"rendered":"\n<p>Dans le cadre du parcours d&rsquo;\u00e9ducation artistique et culturelle <strong>\u00ab\u00a0Les Chemins de la Lib\u00e9ration\u00a0\u00bb<\/strong> avec le soutien de la DRAC, de la R\u00e9gion et du D\u00e9partement, la communaut\u00e9 de communes des gorges de l&rsquo;Ard\u00e8che ainsi que la municipalit\u00e9 sont heureux de vous inviter \u00e0 une projection du film documentaire <strong>\u00ab\u00a0VOL NOIR, ao\u00fbt 44 en terre d&rsquo;Ard\u00e8che\u00a0\u00bb<\/strong>,\u00a0<br><strong><u>JEUDI 9\u00a0 JANVIER 2025 \u00e0 20h30 \u00e0 la salle interg\u00e9n\u00e9rationnelle, rue Marius Perbost. (entr\u00e9e gratuite)<br><\/u><\/strong><br>Ce film documentaire r\u00e9alis\u00e9 par Mich\u00e8le Young et Michel Raimbault revient sur l&rsquo;histoire de la base radar allemande de St Rem\u00e8ze et les \u00e9v\u00e8nements dramatique du mois d&rsquo;ao\u00fbt 44.<br>Le r\u00e9cit s&rsquo;appuie sur ceux et celles qui l&rsquo;ont v\u00e9cu ou subi. Cette histoire n&rsquo;est pas loin et c&rsquo;est la n\u00f4tre.<br>(Toutes les informations utiles sont \u00e0 retrouver<a rel=\"noreferrer noopener\" href=\"https:\/\/www.saintalbanauriolles.com\/wp-content\/uploads\/2025\/01\/Vol-Noir-Aou\u0302t-44-en-terre-dArde\u0300che.pdf\" target=\"_blank\"> ICI<\/a>).<br>Le film a re\u00e7u le Label \u00ab\u00a0Mission Lib\u00e9ration de l\u2019\u00c9tat\u00a0\u00bb &#8211; (dur\u00e9e 80mn)<br>Un temps d&rsquo;\u00e9changes avec la r\u00e9alisatrice est pr\u00e9vu apr\u00e8s la s\u00e9ance.<br><br>Nous vous attendons nombreuses et nombreux.<\/p>\n\n\n\n<figure class=\"wp-block-image size-large\"><img loading=\"lazy\" decoding=\"async\" width=\"450\" height=\"430\" src=\"https:\/\/www.saintalbanauriolles.com\/wp-content\/uploads\/2025\/01\/Capture-decran-2025-01-07-121358.png\" alt=\"\" class=\"wp-image-4308\" srcset=\"https:\/\/www.saintalbanauriolles.com\/wp-content\/uploads\/2025\/01\/Capture-decran-2025-01-07-121358.png 450w, https:\/\/www.saintalbanauriolles.com\/wp-content\/uploads\/2025\/01\/Capture-decran-2025-01-07-121358-300x287.png 300w, https:\/\/www.saintalbanauriolles.com\/wp-content\/uploads\/2025\/01\/Capture-decran-2025-01-07-121358-150x143.png 150w\" sizes=\"auto, (max-width: 450px) 100vw, 450px\" \/><\/figure>\n","protected":false},"excerpt":{"rendered":"<p>Dans le cadre du parcours d&rsquo;\u00e9ducation artistique et culturelle \u00ab\u00a0Les Chemins de la Lib\u00e9ration\u00a0\u00bb avec le soutien de la DRAC, de la R\u00e9gion et du D\u00e9partement, la communaut\u00e9 de communes des gorges de l&rsquo;Ard\u00e8che ainsi que la municipalit\u00e9 sont heureux de vous inviter \u00e0 une projection du film documentaire \u00ab\u00a0VOL&#8230;<\/p>\n<p> <a class=\"continue-reading-link\" href=\"https:\/\/www.saintalbanauriolles.com\/index.php\/2025\/01\/07\/projection-du-film-documentaire-vol-noir-aout-44-en-terre-dardeche-jeudi-9-janvier-2025-a-20h30-a-la-salle-intergenerationnelle\/\"><span>Plus<\/span><i class=\"crycon-right-dir\"><\/i><\/a> <\/p>\n","protected":false},"author":1,"featured_media":0,"comment_status":"closed","ping_status":"","sticky":false,"template":"","format":"standard","meta":{"footnotes":""},"categories":[1],"tags":[],"class_list":["post-4307","post","type-post","status-publish","format-standard","hentry","category-non-classe"],"_links":{"self":[{"href":"https:\/\/www.saintalbanauriolles.com\/index.php\/wp-json\/wp\/v2\/posts\/4307","targetHints":{"allow":["GET"]}}],"collection":[{"href":"https:\/\/www.saintalbanauriolles.com\/index.php\/wp-json\/wp\/v2\/posts"}],"about":[{"href":"https:\/\/www.saintalbanauriolles.com\/index.php\/wp-json\/wp\/v2\/types\/post"}],"author":[{"embeddable":true,"href":"https:\/\/www.saintalbanauriolles.com\/index.php\/wp-json\/wp\/v2\/users\/1"}],"replies":[{"embeddable":true,"href":"https:\/\/www.saintalbanauriolles.com\/index.php\/wp-json\/wp\/v2\/comments?post=4307"}],"version-history":[{"count":1,"href":"https:\/\/www.saintalbanauriolles.com\/index.php\/wp-json\/wp\/v2\/posts\/4307\/revisions"}],"predecessor-version":[{"id":4309,"href":"https:\/\/www.saintalbanauriolles.com\/index.php\/wp-json\/wp\/v2\/posts\/4307\/revisions\/4309"}],"wp:attachment":[{"href":"https:\/\/www.saintalbanauriolles.com\/index.php\/wp-json\/wp\/v2\/media?parent=4307"}],"wp:term":[{"taxonomy":"category","embeddable":true,"href":"https:\/\/www.saintalbanauriolles.com\/index.php\/wp-json\/wp\/v2\/categories?post=4307"},{"taxonomy":"post_tag","embeddable":true,"href":"https:\/\/www.saintalbanauriolles.com\/index.php\/wp-json\/wp\/v2\/tags?post=4307"}],"curies":[{"name":"wp","href":"https:\/\/api.w.org\/{rel}","templated":true}]}}