{"id":4259,"date":"2024-11-14T12:49:31","date_gmt":"2024-11-14T11:49:31","guid":{"rendered":"https:\/\/www.saintalbanauriolles.com\/?p=4259"},"modified":"2024-11-14T12:50:33","modified_gmt":"2024-11-14T11:50:33","slug":"projection-suivie-dun-echange-avec-le-realisateur-du-film-vivants-a-la-bibliotheque-le-jeudi-21-septembre-a-18h30","status":"publish","type":"post","link":"https:\/\/www.saintalbanauriolles.com\/index.php\/2024\/11\/14\/projection-suivie-dun-echange-avec-le-realisateur-du-film-vivants-a-la-bibliotheque-le-jeudi-21-septembre-a-18h30\/","title":{"rendered":"Projection suivie d&rsquo;un \u00e9change avec le r\u00e9alisateur du film \u00ab\u00a0VIVANTS\u00a0\u00bb \u00e0 la salle des f\u00eates le jeudi 21 septembre \u00e0 18h30"},"content":{"rendered":"\n<p>Pendant tout ce mois de novembre, les biblioth\u00e8ques ard\u00e9choises accueillent \u00ab\u00a0sur les sentiers du doc\u00a0\u00bb, cycle de projections-rencontres, en pr\u00e9sence des r\u00e9alisateurs et de \u00ab\u00a0ceux qui font le cin\u00e9ma\u00a0\u00bb. A cette occasion, la biblioth\u00e8que de Saint-Alban-Auriolles propose la projection du film documentaire \u00ab\u00a0<strong>Vivants<\/strong> !\u00a0\u00bb de Vincent Boujon en pr\u00e9sence du r\u00e9alisateur,<\/p>\n\n\n\n<p><strong>le jeudi 21 novembre 2024 \u00e0 18h30 \u00e0 la salle interg\u00e9n\u00e9rationnelle, 25 rue Marius Perbost. Entr\u00e9e libre<\/strong>.<\/p>\n\n\n\n<p>Voici de quoi parle ce film qui aborde avec \u00e9nergie et humour un sujet pourtant sensible : Cinq gar\u00e7ons &#8211; gays et s\u00e9ropositifs- font le pari de sauter en parachute et d&rsquo;\u00e9prouver cette fraction de seconde o\u00f9 l&rsquo;on se d\u00e9cide \u00e0 plonger dans l&rsquo;inconnu, o\u00f9 l&rsquo;on prend conscience de l&rsquo;ampleur du monde et de l&rsquo;intensit\u00e9 de la vie. Progressivement, des liens se nouent dans le groupe et les langues se d\u00e9lient : on parle d&rsquo;avenir et d&rsquo;amour comme on en cause rarement entre hommes.. L&rsquo;un apr\u00e8s l&rsquo;autre, ils tenteront de se jeter dans les airs : ils sont vivants, ensemble.<\/p>\n\n\n\n<p>Venez nombreux ! Projection suivie d&rsquo;un \u00e9change avec le r\u00e9alisateur, en partenariat avec la biblioth\u00e8que d\u00e9partementale de l&rsquo;Ard\u00e8che.<\/p>\n\n\n\n<figure class=\"wp-block-image size-large\"><img loading=\"lazy\" decoding=\"async\" width=\"511\" height=\"730\" src=\"https:\/\/www.saintalbanauriolles.com\/wp-content\/uploads\/2024\/11\/Capture-decran-2024-11-14-124324.png\" alt=\"\" class=\"wp-image-4260\" srcset=\"https:\/\/www.saintalbanauriolles.com\/wp-content\/uploads\/2024\/11\/Capture-decran-2024-11-14-124324.png 511w, https:\/\/www.saintalbanauriolles.com\/wp-content\/uploads\/2024\/11\/Capture-decran-2024-11-14-124324-210x300.png 210w, https:\/\/www.saintalbanauriolles.com\/wp-content\/uploads\/2024\/11\/Capture-decran-2024-11-14-124324-105x150.png 105w\" sizes=\"auto, (max-width: 511px) 100vw, 511px\" \/><\/figure>\n","protected":false},"excerpt":{"rendered":"<p>Pendant tout ce mois de novembre, les biblioth\u00e8ques ard\u00e9choises accueillent \u00ab\u00a0sur les sentiers du doc\u00a0\u00bb, cycle de projections-rencontres, en pr\u00e9sence des r\u00e9alisateurs et de \u00ab\u00a0ceux qui font le cin\u00e9ma\u00a0\u00bb. A cette occasion, la biblioth\u00e8que de Saint-Alban-Auriolles propose la projection du film documentaire \u00ab\u00a0Vivants !\u00a0\u00bb de Vincent Boujon en pr\u00e9sence du&#8230;<\/p>\n<p> <a class=\"continue-reading-link\" href=\"https:\/\/www.saintalbanauriolles.com\/index.php\/2024\/11\/14\/projection-suivie-dun-echange-avec-le-realisateur-du-film-vivants-a-la-bibliotheque-le-jeudi-21-septembre-a-18h30\/\"><span>Plus<\/span><i class=\"crycon-right-dir\"><\/i><\/a> <\/p>\n","protected":false},"author":1,"featured_media":0,"comment_status":"closed","ping_status":"","sticky":false,"template":"","format":"standard","meta":{"footnotes":""},"categories":[1],"tags":[],"class_list":["post-4259","post","type-post","status-publish","format-standard","hentry","category-non-classe"],"_links":{"self":[{"href":"https:\/\/www.saintalbanauriolles.com\/index.php\/wp-json\/wp\/v2\/posts\/4259","targetHints":{"allow":["GET"]}}],"collection":[{"href":"https:\/\/www.saintalbanauriolles.com\/index.php\/wp-json\/wp\/v2\/posts"}],"about":[{"href":"https:\/\/www.saintalbanauriolles.com\/index.php\/wp-json\/wp\/v2\/types\/post"}],"author":[{"embeddable":true,"href":"https:\/\/www.saintalbanauriolles.com\/index.php\/wp-json\/wp\/v2\/users\/1"}],"replies":[{"embeddable":true,"href":"https:\/\/www.saintalbanauriolles.com\/index.php\/wp-json\/wp\/v2\/comments?post=4259"}],"version-history":[{"count":3,"href":"https:\/\/www.saintalbanauriolles.com\/index.php\/wp-json\/wp\/v2\/posts\/4259\/revisions"}],"predecessor-version":[{"id":4263,"href":"https:\/\/www.saintalbanauriolles.com\/index.php\/wp-json\/wp\/v2\/posts\/4259\/revisions\/4263"}],"wp:attachment":[{"href":"https:\/\/www.saintalbanauriolles.com\/index.php\/wp-json\/wp\/v2\/media?parent=4259"}],"wp:term":[{"taxonomy":"category","embeddable":true,"href":"https:\/\/www.saintalbanauriolles.com\/index.php\/wp-json\/wp\/v2\/categories?post=4259"},{"taxonomy":"post_tag","embeddable":true,"href":"https:\/\/www.saintalbanauriolles.com\/index.php\/wp-json\/wp\/v2\/tags?post=4259"}],"curies":[{"name":"wp","href":"https:\/\/api.w.org\/{rel}","templated":true}]}}