{"id":4165,"date":"2024-10-06T18:19:14","date_gmt":"2024-10-06T16:19:14","guid":{"rendered":"https:\/\/www.saintalbanauriolles.com\/?p=4165"},"modified":"2024-10-06T18:19:14","modified_gmt":"2024-10-06T16:19:14","slug":"a-voir-le-8-avril-a-21h-sur-france-2-serie-tournee-a-randa-ardesca-saint-alban-auriolles-et-chandolas","status":"publish","type":"post","link":"https:\/\/www.saintalbanauriolles.com\/index.php\/2024\/10\/06\/a-voir-le-8-avril-a-21h-sur-france-2-serie-tournee-a-randa-ardesca-saint-alban-auriolles-et-chandolas\/","title":{"rendered":"A voir le 8 avril \u00e0 21h sur France 2: S\u00e9rie tourn\u00e9e \u00e0 Randa Ardesca, Saint-Alban-Auriolles et Chandolas"},"content":{"rendered":"\n<p>L&rsquo;\u00e9quipe de RANDA ARDESCA nous informe qu&rsquo;une nouvelle s\u00e9rie-\u00e9v\u00e9nement d\u00e9bute sur France 2 d\u00e8s la semaine prochaine. Les grandes dates de l&rsquo;histoire de France en six \u00e9pisodes anim\u00e9es par Tomer Sisley.<br><br>Le premier \u00e9pisode sur Vercing\u00e9torix sera diffus\u00e9 ce <strong>mardi 8 octobre 2024 \u00e0 21h sur France 2<\/strong>. La quasi totalit\u00e9 des images ont \u00e9t\u00e9 film\u00e9es sur l&rsquo;arch\u00e9osite Randa Ardesca et sur les communes de Saint-Alban-Auriolles et Chandolas.<\/p>\n\n\n\n<p>Le dossier de presse est consultable via le lien ci-dessous:<\/p>\n\n\n\n<p><a href=\"https:\/\/ftvpro.francetv.fr\/contenu-de-presse\/67698527?parent=67698523\">https:\/\/ftvpro.francetv.fr\/contenu-de-presse\/67698527?parent=67698523<\/a><\/p>\n","protected":false},"excerpt":{"rendered":"<p>L&rsquo;\u00e9quipe de RANDA ARDESCA nous informe qu&rsquo;une nouvelle s\u00e9rie-\u00e9v\u00e9nement d\u00e9bute sur France 2 d\u00e8s la semaine prochaine. Les grandes dates de l&rsquo;histoire de France en six \u00e9pisodes anim\u00e9es par Tomer Sisley. Le premier \u00e9pisode sur Vercing\u00e9torix sera diffus\u00e9 ce mardi 8 octobre 2024 \u00e0 21h sur France 2. La quasi&#8230;<\/p>\n<p> <a class=\"continue-reading-link\" href=\"https:\/\/www.saintalbanauriolles.com\/index.php\/2024\/10\/06\/a-voir-le-8-avril-a-21h-sur-france-2-serie-tournee-a-randa-ardesca-saint-alban-auriolles-et-chandolas\/\"><span>Plus<\/span><i class=\"crycon-right-dir\"><\/i><\/a> <\/p>\n","protected":false},"author":1,"featured_media":0,"comment_status":"closed","ping_status":"","sticky":false,"template":"","format":"standard","meta":{"footnotes":""},"categories":[1],"tags":[],"class_list":["post-4165","post","type-post","status-publish","format-standard","hentry","category-non-classe"],"_links":{"self":[{"href":"https:\/\/www.saintalbanauriolles.com\/index.php\/wp-json\/wp\/v2\/posts\/4165","targetHints":{"allow":["GET"]}}],"collection":[{"href":"https:\/\/www.saintalbanauriolles.com\/index.php\/wp-json\/wp\/v2\/posts"}],"about":[{"href":"https:\/\/www.saintalbanauriolles.com\/index.php\/wp-json\/wp\/v2\/types\/post"}],"author":[{"embeddable":true,"href":"https:\/\/www.saintalbanauriolles.com\/index.php\/wp-json\/wp\/v2\/users\/1"}],"replies":[{"embeddable":true,"href":"https:\/\/www.saintalbanauriolles.com\/index.php\/wp-json\/wp\/v2\/comments?post=4165"}],"version-history":[{"count":1,"href":"https:\/\/www.saintalbanauriolles.com\/index.php\/wp-json\/wp\/v2\/posts\/4165\/revisions"}],"predecessor-version":[{"id":4166,"href":"https:\/\/www.saintalbanauriolles.com\/index.php\/wp-json\/wp\/v2\/posts\/4165\/revisions\/4166"}],"wp:attachment":[{"href":"https:\/\/www.saintalbanauriolles.com\/index.php\/wp-json\/wp\/v2\/media?parent=4165"}],"wp:term":[{"taxonomy":"category","embeddable":true,"href":"https:\/\/www.saintalbanauriolles.com\/index.php\/wp-json\/wp\/v2\/categories?post=4165"},{"taxonomy":"post_tag","embeddable":true,"href":"https:\/\/www.saintalbanauriolles.com\/index.php\/wp-json\/wp\/v2\/tags?post=4165"}],"curies":[{"name":"wp","href":"https:\/\/api.w.org\/{rel}","templated":true}]}}