{"id":3623,"date":"2024-01-08T09:59:59","date_gmt":"2024-01-08T08:59:59","guid":{"rendered":"https:\/\/www.saintalbanauriolles.com\/?p=3623"},"modified":"2024-01-08T10:02:47","modified_gmt":"2024-01-08T09:02:47","slug":"offre-de-marche-public","status":"publish","type":"post","link":"https:\/\/www.saintalbanauriolles.com\/index.php\/2024\/01\/08\/offre-de-marche-public\/","title":{"rendered":"Offre de march\u00e9 public"},"content":{"rendered":"\n<p><strong>Identification de l&rsquo;organisme qui passe le march\u00e9 <\/strong>: <br>M Nicolas CLEMENT, Maire, Mairie de Saint Alban Auriolles, 30 Place A. Briand 07120<\/p>\n\n\n\n<p><strong>Objet du march\u00e9 <\/strong>: R\u00e9habilitation d&rsquo;un b\u00e2timent en Maison d&rsquo;Assistant Maternel (MAM) et Espace kin\u00e9sith\u00e9rapeutes<br>Situ\u00e9 415 avenue Pasteur 07120 SAINT-ALBAN-AURIOLLES<\/p>\n\n\n\n<p>Ce march\u00e9 comprend 8 lots:<\/p>\n\n\n\n<p><strong>Dur\u00e9e du march\u00e9 <\/strong>: D\u00e9lai global de r\u00e9alisation (compris pr\u00e9paration) est de 4.5 mois<\/p>\n\n\n\n<p>Date de d\u00e9marrage pr\u00e9vue des travaux pour le Lot 01 le 29\/02\/2024<\/p>\n\n\n\n<p><strong>Nombre et consistance des lots <\/strong>:<\/p>\n\n\n\n<p>LOT N\u00b001 : Ma\u00e7onnerie &#8211; Gros-Oeuvre &#8211; D\u00e9molitions &#8211; VRD<\/p>\n\n\n\n<p>LOT N\u00b002 : Fa\u00e7ades<\/p>\n\n\n\n<p>LOT N\u00b003 : Pl\u00e2trerie &#8211; Faux-Plafond &#8211; Peinture<\/p>\n\n\n\n<p>LOT N\u00b004 : Carrelage &#8211; Fa\u00efences &#8211; Sols souples<\/p>\n\n\n\n<p>LOT N\u00b005 : Menuiseries int\u00e9rieures<\/p>\n\n\n\n<p>LOT N\u00b006 : Menuiseries ext\u00e9rieures<\/p>\n\n\n\n<p>LOT N\u00b007 : \u00c9lectricit\u00e9<\/p>\n\n\n\n<p>LOT N\u00b008 : Chauffage &#8211; Plomberie &#8211; Ventilation<\/p>\n\n\n\n<p><strong>Proc\u00e9dure de passation <\/strong>: Proc\u00e9dure adapt\u00e9e<\/p>\n\n\n\n<p><strong>Modalit\u00e9s d&rsquo;attribution <\/strong>: Variantes accept\u00e9es \u00e0 condition de respecter l&rsquo;offre de base.<\/p>\n\n\n\n<p><strong>Date limite <\/strong>: Date limite de r\u00e9ception des offres : 29\/01\/2024 \u00e0 12h00<\/p>\n\n\n\n<p><strong>Adresse Internet du profil acheteur <\/strong>:<\/p>\n\n\n\n<p><a href=\"https:\/\/www.achatpublic.com\/sdm\/ent\/gen\/ent_detail.do?PCSLID=CSL_2024_-m9dcqwEdv\" target=\"_blank\" rel=\"noreferrer noopener\">https:\/\/www.achatpublic.com\/sdm\/ent\/gen\/ent_detail.do?PCSLID=CSL_2024_-m9dcqwEdv<\/a><\/p>\n","protected":false},"excerpt":{"rendered":"<p>Identification de l&rsquo;organisme qui passe le march\u00e9 : M Nicolas CLEMENT, Maire, Mairie de Saint Alban Auriolles, 30 Place A. Briand 07120 Objet du march\u00e9 : R\u00e9habilitation d&rsquo;un b\u00e2timent en Maison d&rsquo;Assistant Maternel (MAM) et Espace kin\u00e9sith\u00e9rapeutesSitu\u00e9 415 avenue Pasteur 07120 SAINT-ALBAN-AURIOLLES Ce march\u00e9 comprend 8 lots: Dur\u00e9e du march\u00e9&#8230;<\/p>\n<p> <a class=\"continue-reading-link\" href=\"https:\/\/www.saintalbanauriolles.com\/index.php\/2024\/01\/08\/offre-de-marche-public\/\"><span>Plus<\/span><i class=\"crycon-right-dir\"><\/i><\/a> <\/p>\n","protected":false},"author":1,"featured_media":0,"comment_status":"closed","ping_status":"","sticky":false,"template":"","format":"standard","meta":{"footnotes":""},"categories":[1],"tags":[],"class_list":["post-3623","post","type-post","status-publish","format-standard","hentry","category-non-classe"],"_links":{"self":[{"href":"https:\/\/www.saintalbanauriolles.com\/index.php\/wp-json\/wp\/v2\/posts\/3623","targetHints":{"allow":["GET"]}}],"collection":[{"href":"https:\/\/www.saintalbanauriolles.com\/index.php\/wp-json\/wp\/v2\/posts"}],"about":[{"href":"https:\/\/www.saintalbanauriolles.com\/index.php\/wp-json\/wp\/v2\/types\/post"}],"author":[{"embeddable":true,"href":"https:\/\/www.saintalbanauriolles.com\/index.php\/wp-json\/wp\/v2\/users\/1"}],"replies":[{"embeddable":true,"href":"https:\/\/www.saintalbanauriolles.com\/index.php\/wp-json\/wp\/v2\/comments?post=3623"}],"version-history":[{"count":2,"href":"https:\/\/www.saintalbanauriolles.com\/index.php\/wp-json\/wp\/v2\/posts\/3623\/revisions"}],"predecessor-version":[{"id":3625,"href":"https:\/\/www.saintalbanauriolles.com\/index.php\/wp-json\/wp\/v2\/posts\/3623\/revisions\/3625"}],"wp:attachment":[{"href":"https:\/\/www.saintalbanauriolles.com\/index.php\/wp-json\/wp\/v2\/media?parent=3623"}],"wp:term":[{"taxonomy":"category","embeddable":true,"href":"https:\/\/www.saintalbanauriolles.com\/index.php\/wp-json\/wp\/v2\/categories?post=3623"},{"taxonomy":"post_tag","embeddable":true,"href":"https:\/\/www.saintalbanauriolles.com\/index.php\/wp-json\/wp\/v2\/tags?post=3623"}],"curies":[{"name":"wp","href":"https:\/\/api.w.org\/{rel}","templated":true}]}}