{"id":2239,"date":"2022-04-21T18:47:00","date_gmt":"2022-04-21T16:47:00","guid":{"rendered":"https:\/\/www.saintalbanauriolles.com\/?p=2239"},"modified":"2022-04-26T21:03:42","modified_gmt":"2022-04-26T19:03:42","slug":"decouvrez-les-dolmens-des-combettes","status":"publish","type":"post","link":"https:\/\/www.saintalbanauriolles.com\/index.php\/2022\/04\/21\/decouvrez-les-dolmens-des-combettes\/","title":{"rendered":"D\u00e9couvrez les dolmens des Combettes"},"content":{"rendered":"\n<p><strong><span class=\"has-inline-color has-vivid-red-color\">La visite guid\u00e9e pr\u00e9vue le 28 avril pour les dolmens des Combettes est compl\u00e8te.<\/span><\/strong><\/p>\n\n\n\n<p>La Communaut\u00e9 de communes des Gorges de l&rsquo;Ard\u00e8che organise une nouvelle visite guid\u00e9e \u00e0 la d\u00e9couverte des dolmens des Combettes.<br>Elle aura lieu <strong>JEUDI 28 AVRIL de 14h \u00e0 16h30<\/strong>.<br>RDV au parking du foyer rural<br>Annulation en cas de pluie<\/p>\n\n\n\n<p><strong>R\u00e9servation obligatoire au 0777975990<\/strong><\/p>\n\n\n\n<figure class=\"wp-block-image size-large is-resized\"><img loading=\"lazy\" decoding=\"async\" src=\"https:\/\/www.saintalbanauriolles.com\/wp-content\/uploads\/2022\/04\/Memoire-de-pierre-724x1024.jpg\" alt=\"\" class=\"wp-image-2240\" width=\"542\" height=\"767\" srcset=\"https:\/\/www.saintalbanauriolles.com\/wp-content\/uploads\/2022\/04\/Memoire-de-pierre-724x1024.jpg 724w, https:\/\/www.saintalbanauriolles.com\/wp-content\/uploads\/2022\/04\/Memoire-de-pierre-212x300.jpg 212w, https:\/\/www.saintalbanauriolles.com\/wp-content\/uploads\/2022\/04\/Memoire-de-pierre-768x1086.jpg 768w, https:\/\/www.saintalbanauriolles.com\/wp-content\/uploads\/2022\/04\/Memoire-de-pierre-106x150.jpg 106w, https:\/\/www.saintalbanauriolles.com\/wp-content\/uploads\/2022\/04\/Memoire-de-pierre.jpg 842w\" sizes=\"auto, (max-width: 542px) 100vw, 542px\" \/><\/figure>\n","protected":false},"excerpt":{"rendered":"<p>La visite guid\u00e9e pr\u00e9vue le 28 avril pour les dolmens des Combettes est compl\u00e8te. La Communaut\u00e9 de communes des Gorges de l&rsquo;Ard\u00e8che organise une nouvelle visite guid\u00e9e \u00e0 la d\u00e9couverte des dolmens des Combettes.Elle aura lieu JEUDI 28 AVRIL de 14h \u00e0 16h30.RDV au parking du foyer ruralAnnulation en cas&#8230;<\/p>\n<p> <a class=\"continue-reading-link\" href=\"https:\/\/www.saintalbanauriolles.com\/index.php\/2022\/04\/21\/decouvrez-les-dolmens-des-combettes\/\"><span>Plus<\/span><i class=\"crycon-right-dir\"><\/i><\/a> <\/p>\n","protected":false},"author":1,"featured_media":0,"comment_status":"closed","ping_status":"","sticky":false,"template":"","format":"standard","meta":{"footnotes":""},"categories":[1],"tags":[],"class_list":["post-2239","post","type-post","status-publish","format-standard","hentry","category-non-classe"],"_links":{"self":[{"href":"https:\/\/www.saintalbanauriolles.com\/index.php\/wp-json\/wp\/v2\/posts\/2239","targetHints":{"allow":["GET"]}}],"collection":[{"href":"https:\/\/www.saintalbanauriolles.com\/index.php\/wp-json\/wp\/v2\/posts"}],"about":[{"href":"https:\/\/www.saintalbanauriolles.com\/index.php\/wp-json\/wp\/v2\/types\/post"}],"author":[{"embeddable":true,"href":"https:\/\/www.saintalbanauriolles.com\/index.php\/wp-json\/wp\/v2\/users\/1"}],"replies":[{"embeddable":true,"href":"https:\/\/www.saintalbanauriolles.com\/index.php\/wp-json\/wp\/v2\/comments?post=2239"}],"version-history":[{"count":4,"href":"https:\/\/www.saintalbanauriolles.com\/index.php\/wp-json\/wp\/v2\/posts\/2239\/revisions"}],"predecessor-version":[{"id":2254,"href":"https:\/\/www.saintalbanauriolles.com\/index.php\/wp-json\/wp\/v2\/posts\/2239\/revisions\/2254"}],"wp:attachment":[{"href":"https:\/\/www.saintalbanauriolles.com\/index.php\/wp-json\/wp\/v2\/media?parent=2239"}],"wp:term":[{"taxonomy":"category","embeddable":true,"href":"https:\/\/www.saintalbanauriolles.com\/index.php\/wp-json\/wp\/v2\/categories?post=2239"},{"taxonomy":"post_tag","embeddable":true,"href":"https:\/\/www.saintalbanauriolles.com\/index.php\/wp-json\/wp\/v2\/tags?post=2239"}],"curies":[{"name":"wp","href":"https:\/\/api.w.org\/{rel}","templated":true}]}}