{"id":2095,"date":"2022-02-21T16:47:09","date_gmt":"2022-02-21T15:47:09","guid":{"rendered":"https:\/\/www.saintalbanauriolles.com\/?p=2095"},"modified":"2022-02-21T21:01:17","modified_gmt":"2022-02-21T20:01:17","slug":"acte-antisemite-et-degradations-de-bien-public","status":"publish","type":"post","link":"https:\/\/www.saintalbanauriolles.com\/index.php\/2022\/02\/21\/acte-antisemite-et-degradations-de-bien-public\/","title":{"rendered":"Acte antis\u00e9mite et d\u00e9gradations de bien public"},"content":{"rendered":"\n<p>Consternation, stupeur, col\u00e8re, les mots ne manquent pas. <br>Lors de l\u2019ouverture du chantier de la r\u00e9novation de la salle des f\u00eates de Saint-Alban-Auriolles ce lundi matin, les ouvriers ont d\u00e9couvert des tags antis\u00e9mites.<br><br>Monsieur le Maire va d\u00e9poser plainte \u00e0 la gendarmerie pour acte antis\u00e9mite et d\u00e9gradations de bien public.<br>Une enqu\u00eate est en cours.<\/p>\n\n\n\n<figure class=\"wp-block-image size-large is-resized\"><img loading=\"lazy\" decoding=\"async\" src=\"https:\/\/www.saintalbanauriolles.com\/wp-content\/uploads\/2022\/02\/Tags_202202212048-768x1024.jpg\" alt=\"\" class=\"wp-image-2096\" width=\"486\" height=\"648\" srcset=\"https:\/\/www.saintalbanauriolles.com\/wp-content\/uploads\/2022\/02\/Tags_202202212048-768x1024.jpg 768w, https:\/\/www.saintalbanauriolles.com\/wp-content\/uploads\/2022\/02\/Tags_202202212048-225x300.jpg 225w, https:\/\/www.saintalbanauriolles.com\/wp-content\/uploads\/2022\/02\/Tags_202202212048-1152x1536.jpg 1152w, https:\/\/www.saintalbanauriolles.com\/wp-content\/uploads\/2022\/02\/Tags_202202212048-113x150.jpg 113w, https:\/\/www.saintalbanauriolles.com\/wp-content\/uploads\/2022\/02\/Tags_202202212048-rotated.jpg 1512w\" sizes=\"auto, (max-width: 486px) 100vw, 486px\" \/><\/figure>\n\n\n\n<p><\/p>\n","protected":false},"excerpt":{"rendered":"<p>Consternation, stupeur, col\u00e8re, les mots ne manquent pas. Lors de l\u2019ouverture du chantier de la r\u00e9novation de la salle des f\u00eates de Saint-Alban-Auriolles ce lundi matin, les ouvriers ont d\u00e9couvert des tags antis\u00e9mites. Monsieur le Maire va d\u00e9poser plainte \u00e0 la gendarmerie pour acte antis\u00e9mite et d\u00e9gradations de bien public.Une&#8230;<\/p>\n<p> <a class=\"continue-reading-link\" href=\"https:\/\/www.saintalbanauriolles.com\/index.php\/2022\/02\/21\/acte-antisemite-et-degradations-de-bien-public\/\"><span>Plus<\/span><i class=\"crycon-right-dir\"><\/i><\/a> <\/p>\n","protected":false},"author":1,"featured_media":0,"comment_status":"closed","ping_status":"","sticky":false,"template":"","format":"standard","meta":{"footnotes":""},"categories":[1],"tags":[],"class_list":["post-2095","post","type-post","status-publish","format-standard","hentry","category-non-classe"],"_links":{"self":[{"href":"https:\/\/www.saintalbanauriolles.com\/index.php\/wp-json\/wp\/v2\/posts\/2095","targetHints":{"allow":["GET"]}}],"collection":[{"href":"https:\/\/www.saintalbanauriolles.com\/index.php\/wp-json\/wp\/v2\/posts"}],"about":[{"href":"https:\/\/www.saintalbanauriolles.com\/index.php\/wp-json\/wp\/v2\/types\/post"}],"author":[{"embeddable":true,"href":"https:\/\/www.saintalbanauriolles.com\/index.php\/wp-json\/wp\/v2\/users\/1"}],"replies":[{"embeddable":true,"href":"https:\/\/www.saintalbanauriolles.com\/index.php\/wp-json\/wp\/v2\/comments?post=2095"}],"version-history":[{"count":3,"href":"https:\/\/www.saintalbanauriolles.com\/index.php\/wp-json\/wp\/v2\/posts\/2095\/revisions"}],"predecessor-version":[{"id":2099,"href":"https:\/\/www.saintalbanauriolles.com\/index.php\/wp-json\/wp\/v2\/posts\/2095\/revisions\/2099"}],"wp:attachment":[{"href":"https:\/\/www.saintalbanauriolles.com\/index.php\/wp-json\/wp\/v2\/media?parent=2095"}],"wp:term":[{"taxonomy":"category","embeddable":true,"href":"https:\/\/www.saintalbanauriolles.com\/index.php\/wp-json\/wp\/v2\/categories?post=2095"},{"taxonomy":"post_tag","embeddable":true,"href":"https:\/\/www.saintalbanauriolles.com\/index.php\/wp-json\/wp\/v2\/tags?post=2095"}],"curies":[{"name":"wp","href":"https:\/\/api.w.org\/{rel}","templated":true}]}}